{"id":761,"date":"2024-05-24T07:36:55","date_gmt":"2024-05-24T07:36:55","guid":{"rendered":"https:\/\/emrahbayildiran.com\/index.php\/2024\/05\/24\/emny-youtube\/"},"modified":"2024-05-24T07:36:55","modified_gmt":"2024-05-24T07:36:55","slug":"emny-youtube","status":"publish","type":"post","link":"https:\/\/emrahbayildiran.com\/index.php\/2024\/05\/24\/emny-youtube\/","title":{"rendered":"EMNY YOUTUBE"},"content":{"rendered":"<p class=\"has-text-align-center\"><strong> @emny <\/strong> <strong>SON V\u0130DEOLAR<\/strong><\/p>\n<div class=\"sb_youtube sby_layout_grid sby_col_3 sby_mob_col_1 sby_palette_inherit  sby_width_resp\">\n<div class=\"sby_items_wrap\">\n<div class=\"sby_item  sby_new sby_transition\">\n<div class=\"sby_inner_item\">\n<div class=\"sby_video_thumbnail_wrap sby_item_video_thumbnail_wrap\">\n            <a class=\"sby_video_thumbnail sby_item_video_thumbnail\" href=\"https:\/\/www.youtube.com\/watch?v=-sQCMErLVYc\" target=\"_blank\" rel=\"noopener\">\n<div class=\"sby_thumbnail_hover sby_item_video_thumbnail_hover\">\n<div class=\"sby_thumbnail_hover_inner\">\n                                                    <span class=\"sby_video_title\">Madrid Konu\u015fma Prati\u011fi Dersleri Nas\u0131l? #ispanyolca\u00f6\u011freniyorum<\/span>\n                                            <\/div>\n<\/div>\n<div class=\"sby_play_btn\">\n                        <span class=\"sby_play_btn_bg\"><\/span>\n                                            <\/div>\n<p>                                <span class=\"sby_loader sby_hidden\"><\/span><br \/>\n            <\/p><\/a><\/div>\n<\/div>\n<\/div>\n<div class=\"sby_item  sby_new sby_transition\">\n<div class=\"sby_inner_item\">\n<div class=\"sby_video_thumbnail_wrap sby_item_video_thumbnail_wrap\">\n            <a class=\"sby_video_thumbnail sby_item_video_thumbnail\" href=\"https:\/\/www.youtube.com\/watch?v=4r483oaWsDI\" target=\"_blank\" rel=\"noopener\">\n<div class=\"sby_thumbnail_hover sby_item_video_thumbnail_hover\">\n<div class=\"sby_thumbnail_hover_inner\">\n                                                    <span class=\"sby_video_title\">Madrid\u2019de Barcelona\u2019y\u0131 Anlat\u0131yorum #tapas<\/span>\n                                            <\/div>\n<\/div>\n<div class=\"sby_play_btn\">\n                        <span class=\"sby_play_btn_bg\"><\/span>\n                                            <\/div>\n<p>                                <span class=\"sby_loader sby_hidden\"><\/span><br \/>\n            <\/p><\/a><\/div>\n<\/div>\n<\/div>\n<div class=\"sby_item  sby_new sby_transition\">\n<div class=\"sby_inner_item\">\n<div class=\"sby_video_thumbnail_wrap sby_item_video_thumbnail_wrap\">\n            <a class=\"sby_video_thumbnail sby_item_video_thumbnail\" href=\"https:\/\/www.youtube.com\/watch?v=uSlsVKVDnbg\" target=\"_blank\" rel=\"noopener\">\n<div class=\"sby_thumbnail_hover sby_item_video_thumbnail_hover\">\n<div class=\"sby_thumbnail_hover_inner\">\n                                                    <span class=\"sby_video_title\">Madrid Aktarmas\u0131nda Tad\u0131m #madridvlog<\/span>\n                                            <\/div>\n<\/div>\n<div class=\"sby_play_btn\">\n                        <span class=\"sby_play_btn_bg\"><\/span>\n                                            <\/div>\n<p>                                <span class=\"sby_loader sby_hidden\"><\/span><br \/>\n            <\/p><\/a><\/div>\n<\/div>\n<\/div>\n<div class=\"sby_item  sby_new sby_transition\">\n<div class=\"sby_inner_item\">\n<div class=\"sby_video_thumbnail_wrap sby_item_video_thumbnail_wrap\">\n            <a class=\"sby_video_thumbnail sby_item_video_thumbnail\" href=\"https:\/\/www.youtube.com\/watch?v=cf7QP72MgbY\" target=\"_blank\" rel=\"noopener\">\n<p>Peki, bu vlogda neler mi var?<\/p>\n<p>Elefterios Venizelos Havaliman\u0131&#8217;nda Madrid u\u00e7a\u011f\u0131m\u0131z\u0131 beklerken ya\u015fad\u0131\u011f\u0131m ilk heyecanlar\u0131 ve d\u00fc\u015f\u00fcncelerimi sizlerle payla\u015faca\u011f\u0131m.  <\/p>\n<p>Atina Havaliman\u0131nda ge\u00e7irdi\u011fim zaman\u0131 en verimli \u015fekilde kullanabilmek amac\u0131yla, bir yandan yerel bir bira tadarken , di\u011fer yandan da iPhone&#8217;lar i\u00e7in ilk kez denedi\u011fim u\u00e7u\u015f kart\u0131 toplama \u00f6zelli\u011fini ke\u015ffediyor olaca\u011f\u0131m.<br \/>\n\/laf aram\u0131zda Bu pratik hile sayesinde, sizin de u\u00e7u\u015f kap\u0131n\u0131z\u0131 kolayl\u0131kla bulabilece\u011finize eminim. \/<\/p>\n<p>Ve bu kadarla s\u0131n\u0131rl\u0131 kalmayaca\u011f\u0131z! Aegean Airlines gibi bir Star Alliance \u00fcyesi olan havayolu ile THY&#8217;nin hizmetlerini kar\u015f\u0131la\u015ft\u0131raca\u011f\u0131m ve hangisinin daha iyi oldu\u011funa dair d\u00fc\u015f\u00fcncelerimi sizlerle payla\u015faca\u011f\u0131m.<\/p>\n<p>Ayr\u0131ca, Madrid&#8217;de ba\u015flayaca\u011f\u0131m \u0130spanyolca kursuna dair heyecan verici detaylar\u0131 bu vlogda ilk kez a\u00e7\u0131klayaca\u011f\u0131m. Hangi dil kursuna gidece\u011fim, bu kursun i\u00e7eri\u011fi ve kapsam\u0131 neler olacak, t\u00fcm bu sorular\u0131n cevaplar\u0131n\u0131 verece\u011fim. <\/p>\n<p>Ancak herkesin merak etti\u011fi bir soru var:<br \/>\nGece vakti Barajas Uluslararas\u0131 Havaliman\u0131&#8217;na indi\u011fimde beni kar\u015f\u0131lamaya gelen olacak m\u0131, yoksa kiral\u0131k Airbnb odama tek ba\u015f\u0131ma m\u0131 gitmek zorunda kalaca\u011f\u0131m?<br \/>\n Madrid&#8217;e var\u0131\u015f\u0131m ve bu ilk stresli anlar\u0131m tam bir muamma!<\/p>\n<p>\u0130\u015fte t\u00fcm bu sorular\u0131n cevaplar\u0131n\u0131 ve Madrid&#8217;deki ilk anlar\u0131m\u0131 bu b\u00f6l\u00fcmde gizemli bir fragmanla sizlerle payla\u015faca\u011f\u0131m.<\/p>\n<p>Madrid bize neler sunacak, hep birlikte ke\u015ffedece\u011fiz. O halde, bu heyecan dolu ser\u00fcvene birlikte at\u0131lmaya haz\u0131r m\u0131y\u0131z?<\/p>\n<p>#madridvlog #madriddeyim #madrid<\/p>\n<p>00:00 Giri\u015f &#8211; Intro<br \/>\n01:10 Atina Elefterios Venizelos Havaliman\u0131nday\u0131z<br \/>\n03:50 Star Alliance Kalitesi ve Bira Tad\u0131m\u0131 Hakk\u0131nda<br \/>\n04:45 Barcelona&#8217;da G\u00fcnlerim Nas\u0131l Ge\u00e7ti?<br \/>\n05:25 Madrid&#8217;de Hangi \u0130spanyolca kursuna gidece\u011fim?<br \/>\n06.15 iPhone Wallet ile Terminal Kap\u0131lar\u0131n\u0131 bulmak<br \/>\n06:45 Madrid U\u00e7a\u011f\u0131nday\u0131m<br \/>\n08:10 Madrid Barajas Uluslararas\u0131 Havaliman\u0131<br \/>\n11:25 Madrid&#8217;den ilk G\u00f6r\u00fcnt\u00fcler (Spoiler\/Teaser)&#8221;&gt;<\/p>\n<div class=\"sby_thumbnail_hover sby_item_video_thumbnail_hover\">\n<div class=\"sby_thumbnail_hover_inner\">\n                                                    <span class=\"sby_video_title\">Merhaba Madrid! | VLOG | Madrid&#8217;deki Host Ailem Beni Kar\u015f\u0131layacak m\u0131? [Madrid]<\/span>\n                                            <\/div>\n<\/div>\n<div class=\"sby_play_btn\">\n                        <span class=\"sby_play_btn_bg\"><\/span>\n                                            <\/div>\n<p>                                <span class=\"sby_loader sby_hidden\"><\/span><br \/>\n            <\/p><\/a><\/div>\n<\/div>\n<\/div>\n<div class=\"sby_item  sby_new sby_transition\">\n<div class=\"sby_inner_item\">\n<div class=\"sby_video_thumbnail_wrap sby_item_video_thumbnail_wrap\">\n            <a class=\"sby_video_thumbnail sby_item_video_thumbnail\" href=\"https:\/\/www.youtube.com\/watch?v=UGCcn246Po4\" target=\"_blank\" rel=\"noopener\">\n<div class=\"sby_thumbnail_hover sby_item_video_thumbnail_hover\">\n<div class=\"sby_thumbnail_hover_inner\">\n                                                    <span class=\"sby_video_title\">\u0130spanyolca \u00d6\u011frenmek i\u00e7in #Barcelona do\u011fru bir yer mi???<\/span>\n                                            <\/div>\n<\/div>\n<div class=\"sby_play_btn\">\n                        <span class=\"sby_play_btn_bg\"><\/span>\n                                            <\/div>\n<p>                                <span class=\"sby_loader sby_hidden\"><\/span><br \/>\n            <\/p><\/a><\/div>\n<\/div>\n<\/div>\n<div class=\"sby_item  sby_new sby_transition\">\n<div class=\"sby_inner_item\">\n<div class=\"sby_video_thumbnail_wrap sby_item_video_thumbnail_wrap\">\n            <a class=\"sby_video_thumbnail sby_item_video_thumbnail\" href=\"https:\/\/www.youtube.com\/watch?v=X0H_TM0Fe4I\" target=\"_blank\" rel=\"noopener\">\n<div class=\"sby_thumbnail_hover sby_item_video_thumbnail_hover\">\n<div class=\"sby_thumbnail_hover_inner\">\n                                                    <span class=\"sby_video_title\">\u0130spanyolca Yazmak m\u0131 daha kolay? Yoksa konu\u015fmak m\u0131? #ispanyolca\u00f6\u011freniyorum<\/span>\n                                            <\/div>\n<\/div>\n<div class=\"sby_play_btn\">\n                        <span class=\"sby_play_btn_bg\"><\/span>\n                                            <\/div>\n<p>                                <span class=\"sby_loader sby_hidden\"><\/span><br \/>\n            <\/p><\/a><\/div>\n<\/div>\n<\/div><\/div>\n<div class=\"sby_footer\">\n<p>    <a class=\"sby_load_btn\" href=\"void(0);\"><br \/>\n        <span class=\"sby_btn_text\">Load More&#8230;<\/span><br \/>\n        <span class=\"sby_loader sby_hidden\"><\/span><br \/>\n    <\/a><\/p>\n<p>    <span class=\"sby_follow_btn\"><br \/>\n        <a href=\"https:\/\/www.youtube.com\/channel\/UCLFaDs3q35OzIuVCuDsgGTA\/\" target=\"_blank\" rel=\"noopener\"><br \/>\n                        <span><br \/>\n                Subscribe            <\/span><br \/>\n        <\/a><br \/>\n    <\/span>\n<\/p><\/div>\n<\/div>","protected":false},"excerpt":{"rendered":"<p>@emny SON V\u0130DEOLAR Madrid Konu\u015fma Prati\u011fi Dersleri Nas\u0131l? #ispanyolca\u00f6\u011freniyorum Madrid\u2019de Barcelona\u2019y\u0131 Anlat\u0131yorum #tapas Madrid Aktarmas\u0131nda Tad\u0131m #madridvlog Peki, bu vlogda&#8230;<\/p>\n","protected":false},"author":1,"featured_media":0,"comment_status":"open","ping_status":"open","sticky":false,"template":"","format":"standard","meta":{"footnotes":""},"categories":[1],"tags":[],"class_list":["post-761","post","type-post","status-publish","format-standard","hentry","category-uncategorized"],"jetpack_sharing_enabled":true,"jetpack_featured_media_url":"","jetpack-related-posts":[],"_links":{"self":[{"href":"https:\/\/emrahbayildiran.com\/index.php\/wp-json\/wp\/v2\/posts\/761","targetHints":{"allow":["GET"]}}],"collection":[{"href":"https:\/\/emrahbayildiran.com\/index.php\/wp-json\/wp\/v2\/posts"}],"about":[{"href":"https:\/\/emrahbayildiran.com\/index.php\/wp-json\/wp\/v2\/types\/post"}],"author":[{"embeddable":true,"href":"https:\/\/emrahbayildiran.com\/index.php\/wp-json\/wp\/v2\/users\/1"}],"replies":[{"embeddable":true,"href":"https:\/\/emrahbayildiran.com\/index.php\/wp-json\/wp\/v2\/comments?post=761"}],"version-history":[{"count":0,"href":"https:\/\/emrahbayildiran.com\/index.php\/wp-json\/wp\/v2\/posts\/761\/revisions"}],"wp:attachment":[{"href":"https:\/\/emrahbayildiran.com\/index.php\/wp-json\/wp\/v2\/media?parent=761"}],"wp:term":[{"taxonomy":"category","embeddable":true,"href":"https:\/\/emrahbayildiran.com\/index.php\/wp-json\/wp\/v2\/categories?post=761"},{"taxonomy":"post_tag","embeddable":true,"href":"https:\/\/emrahbayildiran.com\/index.php\/wp-json\/wp\/v2\/tags?post=761"}],"curies":[{"name":"wp","href":"https:\/\/api.w.org\/{rel}","templated":true}]}}